{"id":113,"date":"2009-03-15T20:05:59","date_gmt":"2009-03-16T06:05:59","guid":{"rendered":"http:\/\/176.31.110.213:800\/?p=113"},"modified":"2009-03-15T20:05:59","modified_gmt":"2009-03-16T06:05:59","slug":"nestars-2009","status":"publish","type":"post","link":"https:\/\/punareo.com\/?p=113","title":{"rendered":"Nescafe Stars 2009"},"content":{"rendered":"<p> <a href=\"http:\/\/punareo.com\/hohoa\/index.php?\/category\/7\" target=\"_blank\">(Voir les photos)<\/a>\u00a0<img loading=\"lazy\" decoding=\"async\" class=\" alignleft size-full wp-image-112\" style=\"margin: 5px; float: left\" src=\"http:\/\/176.31.110.213:800\/wp-content\/uploads\/2009\/03\/nescafe.jpg\" alt=\"Nescafe Stars\" title=\"Nescafe Stars\" width=\"400\" height=\"266\" srcset=\"https:\/\/punareo.com\/wp-content\/uploads\/2009\/03\/nescafe.jpg 400w, https:\/\/punareo.com\/wp-content\/uploads\/2009\/03\/nescafe-300x200.jpg 300w\" sizes=\"auto, (max-width: 400px) 100vw, 400px\" \/> <\/p>\n<p align=\"justify\"> Les Nescafe stars ont fait salle comble \u00e0 Moorea.  <\/p>\n<p align=\"justify\"> Le Puna Reo a organis\u00e9 les selections locales et la soir\u00e9e de gala du concours Nescafe Star sur Moorea&#8230; Beau specacle le Samedi 07 Mars 2009<\/p>\n<p> C&#39;est un spectacle de qualit\u00e9 qu&#39;ont pu appr\u00e9cier les quelques 700 personnes venues \u00e9couter et soutenir la dizaine de chanteurs et chanteuses en lice.<\/p>\n<p> Avec en sus un spectacle du Puna Reo, la participation du chanteur Rotui et les laur\u00e9ats de l&#39;ann\u00e9e pr\u00e9c\u00e9dente, tout le monde en a eu pour son plaisir! <\/p>\n<p align=\"justify\"> <a href=\"http:\/\/www.ladepeche.pf\/iles\/culture\/3829-marania-feuti-20-ans-decroche-la-timbale.html\" target=\"_blank\" title=\"La D\u00e9p\u00eache\" class=\"broken_link\">Lire la Presse\u00a0<\/a> <\/p>\n<p> Avec des musiques tr\u00e8s vari\u00e9es, et des chanteurs motiv\u00e9s, la selection n&#39;a pas \u00e9t\u00e9 facile<br \/> pour le Jury, qui \u00e0 d\u00e9battu longuement avant de choisir Marania Feuti, 20 ans.<br \/> Elle repr\u00e9sentera donc Moorea pour la grande finale des Nescafe Star du 29 Aout 2009<br \/> \u00e0 Toata d\u00e9partageant le meilleur chanteur de toutes les \u00eeles, qui se verra remettre 1 000 000 Cfp de cadeaux.\u00a0 <\/p>\n<p> Julien Gaultier, Coordinateur du concours chez Nestl\u00e9 : &quot;Avant toute chose, nous voulions offrir une prestation populaire de grande qualit\u00e9, avec un choix tr\u00e8s vari\u00e9 de styles et chansons, locales et internationales. Les candidats s\u00e9lectionn\u00e9s ont particip\u00e9 \u00e0 des r\u00e9p\u00e9titions sur Tahiti, encadr\u00e9s par des professionnels de la musique et du spectacle. Ce gala de Moorea, qui a \u00e9t\u00e9 le premier du concours NESCAFE STAR, a donc plac\u00e9 la barre assez haut, et nous sommes vraiment satisfait de l&#39;audience pr\u00e9sente, qui a r\u00e9agi tr\u00e8s positivement.&quot;<\/p>\n<p> Jeanine Vehiatua, pr\u00e9sidente de l&#39;Association Musicale et Culturelle Polyn\u00e9sienne : &quot;Lors des s\u00e9lections, j&#39;avoue avoir \u00e9t\u00e9 \u00e9tonn\u00e9e de la qualit\u00e9 vocale des candidats ; en accord avec Nestl\u00e9 nous avions m\u00eame du augmenter le nombre de s\u00e9lectionn\u00e9s, car nous ne pouvions en d\u00e9partager certains ! Cette qualit\u00e9 s&#39;est confirm\u00e9e cette soir\u00e9e, ce fut un beau spectacle musical \u00e0 Moorea&#8230;&quot; <\/p>\n","protected":false},"excerpt":{"rendered":"<p> <a href=\"http:\/\/punareo.com\/hohoa\/index.php?\/category\/7\" target=\"_blank\">(Voir les photos)<\/a>\u00a0<img loading=\"lazy\" decoding=\"async\" class=\" alignleft size-full wp-image-112\" style=\"margin: 5px; float: left\" src=\"http:\/\/176.31.110.213:800\/wp-content\/uploads\/2009\/03\/nescafe.jpg\" alt=\"Nescafe Stars\" title=\"Nescafe Stars\" width=\"400\" height=\"266\" srcset=\"https:\/\/punareo.com\/wp-content\/uploads\/2009\/03\/nescafe.jpg 400w, https:\/\/punareo.com\/wp-content\/uploads\/2009\/03\/nescafe-300x200.jpg 300w\" sizes=\"auto, (max-width: 400px) 100vw, 400px\" \/> <\/p>\n<p align=\"justify\"> Les Nescafe stars ont fait salle comble \u00e0 Moorea.  <\/p>\n<p align=\"justify\"> Le Puna Reo a organis\u00e9 les selections locales et la soir\u00e9e de gala du concours Nescafe Star sur Moorea&#8230; Beau specacle le Samedi 07 Mars 2009<\/p>\n<p> C&#39;est un spectacle de qualit\u00e9 qu&#39;ont pu appr\u00e9cier les quelques 700 personnes venues \u00e9couter et soutenir la dizaine de chanteurs et chanteuses en lice.<\/p>\n<p> Avec en sus un spectacle du Puna Reo, la participation du chanteur Rotui et les laur\u00e9ats de l&#39;ann\u00e9e pr\u00e9c\u00e9dente, tout le monde en a eu pour son plaisir! <\/p>\n<p align=\"justify\"> <a href=\"http:\/\/www.ladepeche.pf\/iles\/culture\/3829-marania-feuti-20-ans-decroche-la-timbale.html\" target=\"_blank\" title=\"La D\u00e9p\u00eache\">Lire la Presse\u00a0<\/a> <\/p>\n","protected":false},"author":2,"featured_media":112,"comment_status":"open","ping_status":"open","sticky":false,"template":"","format":"standard","meta":{"ngg_post_thumbnail":0,"footnotes":""},"categories":[17],"tags":[],"class_list":["post-113","post","type-post","status-publish","format-standard","has-post-thumbnail","hentry","category-reprsentations"],"_links":{"self":[{"href":"https:\/\/punareo.com\/index.php?rest_route=\/wp\/v2\/posts\/113","targetHints":{"allow":["GET"]}}],"collection":[{"href":"https:\/\/punareo.com\/index.php?rest_route=\/wp\/v2\/posts"}],"about":[{"href":"https:\/\/punareo.com\/index.php?rest_route=\/wp\/v2\/types\/post"}],"author":[{"embeddable":true,"href":"https:\/\/punareo.com\/index.php?rest_route=\/wp\/v2\/users\/2"}],"replies":[{"embeddable":true,"href":"https:\/\/punareo.com\/index.php?rest_route=%2Fwp%2Fv2%2Fcomments&post=113"}],"version-history":[{"count":0,"href":"https:\/\/punareo.com\/index.php?rest_route=\/wp\/v2\/posts\/113\/revisions"}],"wp:featuredmedia":[{"embeddable":true,"href":"https:\/\/punareo.com\/index.php?rest_route=\/wp\/v2\/media\/112"}],"wp:attachment":[{"href":"https:\/\/punareo.com\/index.php?rest_route=%2Fwp%2Fv2%2Fmedia&parent=113"}],"wp:term":[{"taxonomy":"category","embeddable":true,"href":"https:\/\/punareo.com\/index.php?rest_route=%2Fwp%2Fv2%2Fcategories&post=113"},{"taxonomy":"post_tag","embeddable":true,"href":"https:\/\/punareo.com\/index.php?rest_route=%2Fwp%2Fv2%2Ftags&post=113"}],"curies":[{"name":"wp","href":"https:\/\/api.w.org\/{rel}","templated":true}]}}