{"id":283,"date":"2011-06-14T20:59:34","date_gmt":"2011-06-15T06:59:34","guid":{"rendered":"http:\/\/176.31.110.213:800\/?p=283"},"modified":"2011-06-14T20:59:34","modified_gmt":"2011-06-15T06:59:34","slug":"capes","status":"publish","type":"post","link":"https:\/\/punareo.com\/?p=283","title":{"rendered":"Communiqu\u00e9 du Puna Reo\u00a0 : Nous sommes pour la suppression de ce \u00ab\u00a0 CAPES\u00a0 Reo Maohi\u00a0 \u00bb\u00a0 !"},"content":{"rendered":"<p style=\"text-align: justify;\"><img loading=\"lazy\" decoding=\"async\" class=\" alignleft size-full wp-image-282\" src=\"http:\/\/176.31.110.213:800\/wp-content\/uploads\/2011\/06\/articles_te_reo.jpg\" border=\"0\" alt=\"L'apprentissage chez les adultes Maori\" align=\"left\" style=\"float: left; border: 0; margin: 5px;\" width=\"400\" height=\"267\" srcset=\"https:\/\/punareo.com\/wp-content\/uploads\/2011\/06\/articles_te_reo.jpg 400w, https:\/\/punareo.com\/wp-content\/uploads\/2011\/06\/articles_te_reo-300x200.jpg 300w\" sizes=\"auto, (max-width: 400px) 100vw, 400px\" \/>Devant le battage m\u00e9diatique de ces derniers jours concernant le CAPES de Reo Maohi, le Puna Reo s\u2019interroge, et d\u00e9sire alimenter une r\u00e9flexion profonde pour les individus sinc\u00e8rement engag\u00e9s pour la sauvegarde de leur langue et culture, au del\u00e0 des jolis discours de fa\u00e7ade.<\/p>\n<p style=\"margin-bottom: 0cm; text-align: justify;\">Tout d\u2019abord, le CAPES Reo Maohi n\u2019existant pas, on ne peut le supprimer&#8230; On parle de CAPES externe, langues r\u00e9gionales, section Tahitien (il s&rsquo;appelait avant CAPES Tahitien-Fran\u00e7ais, c&rsquo;est tout dire). Nous serions \u00e9videmment pour de vrais dipl\u00f4mes d&rsquo;enseignement de toutes les langues du Reo Maohi, dipl\u00f4mes qui soient r\u00e9ellement repr\u00e9sentatifs d&rsquo;une ma\u00eetrise parfaite de la langue et de la capacit\u00e9 \u00e0 l&rsquo;enseigner.<\/p>\n<p style=\"margin-bottom: 0cm; text-align: justify;\">Nous voudrions voir le v\u00e9ritable probl\u00e8me mobiliser autant de gens\u00a0 : des milliers d\u2019enfants polyn\u00e9siens perdent la langue et la culture chaque ann\u00e9e, dans l\u2019indiff\u00e9rence g\u00e9n\u00e9rale, alors que nous savons bien que langue et culture font l\u2019\u00e2me d\u2019un peuple.<\/p>\n<p style=\"margin-bottom: 0cm; text-align: justify;\">Pour la r\u00e9elle transmission de la langue, les \u00e9tats g\u00e9n\u00e9raux de 2009 ont fait des diagnostics et propos\u00e9 des solutions. Qu\u2019en est il aujourd\u2019hui\u00a0 ? La reconnaissance officielle de notre langue, telle qu\u2019elle l\u2019\u00e9tait dans les ann\u00e9es 80, \u00e0 \u00e9galit\u00e9 avec le Fran\u00e7ais, ne serait-ce pas l\u00e0 le premier vrai combat \u00e0 mener aujourd\u2019hui\u00a0 ?<\/p>\n","protected":false},"excerpt":{"rendered":"<p>Devant le battage m\u00e9diatique de ces derniers jours concernant le CAPES de Reo Maohi, le Puna Reo s\u2019interroge, et d\u00e9sire alimenter une r\u00e9flexion profonde pour les individus sinc\u00e8rement engag\u00e9s pour la sauvegarde de leur langue et culture, au del\u00e0 des jolis discours de fa\u00e7ade. Tout d\u2019abord, le CAPES Reo Maohi n\u2019existant pas, on ne peut le supprimer&#8230; On parle de CAPES externe, langues r\u00e9gionales, section Tahitien (il s&rsquo;appelait avant CAPES Tahitien-Fran\u00e7ais, c&rsquo;est tout dire). Nous serions \u00e9videmment pour de vrais dipl\u00f4mes d&rsquo;enseignement de toutes les langues du Reo Maohi, dipl\u00f4mes qui soient r\u00e9ellement repr\u00e9sentatifs d&rsquo;une ma\u00eetrise parfaite de la langue et de la capacit\u00e9 \u00e0 l&rsquo;enseigner. Nous voudrions voir le v\u00e9ritable probl\u00e8me mobiliser autant de gens\u00a0 : des milliers d\u2019enfants polyn\u00e9siens perdent la langue et la culture chaque ann\u00e9e, dans l\u2019indiff\u00e9rence g\u00e9n\u00e9rale, alors que nous savons bien que langue et culture font l\u2019\u00e2me d\u2019un peuple. Pour la r\u00e9elle transmission de la langue, les \u00e9tats g\u00e9n\u00e9raux de 2009 ont fait des diagnostics et propos\u00e9 des solutions. Qu\u2019en est il aujourd\u2019hui\u00a0 ? La reconnaissance officielle de notre langue, telle qu\u2019elle l\u2019\u00e9tait dans les ann\u00e9es 80, \u00e0 \u00e9galit\u00e9 avec le Fran\u00e7ais, ne serait-ce pas l\u00e0 le premier vrai combat \u00e0 mener aujourd\u2019hui\u00a0 ?<\/p>\n","protected":false},"author":2,"featured_media":282,"comment_status":"open","ping_status":"open","sticky":false,"template":"","format":"standard","meta":{"ngg_post_thumbnail":0,"footnotes":""},"categories":[16],"tags":[],"class_list":["post-283","post","type-post","status-publish","format-standard","has-post-thumbnail","hentry","category-les-mdias-les-mdias"],"_links":{"self":[{"href":"https:\/\/punareo.com\/index.php?rest_route=\/wp\/v2\/posts\/283","targetHints":{"allow":["GET"]}}],"collection":[{"href":"https:\/\/punareo.com\/index.php?rest_route=\/wp\/v2\/posts"}],"about":[{"href":"https:\/\/punareo.com\/index.php?rest_route=\/wp\/v2\/types\/post"}],"author":[{"embeddable":true,"href":"https:\/\/punareo.com\/index.php?rest_route=\/wp\/v2\/users\/2"}],"replies":[{"embeddable":true,"href":"https:\/\/punareo.com\/index.php?rest_route=%2Fwp%2Fv2%2Fcomments&post=283"}],"version-history":[{"count":0,"href":"https:\/\/punareo.com\/index.php?rest_route=\/wp\/v2\/posts\/283\/revisions"}],"wp:featuredmedia":[{"embeddable":true,"href":"https:\/\/punareo.com\/index.php?rest_route=\/wp\/v2\/media\/282"}],"wp:attachment":[{"href":"https:\/\/punareo.com\/index.php?rest_route=%2Fwp%2Fv2%2Fmedia&parent=283"}],"wp:term":[{"taxonomy":"category","embeddable":true,"href":"https:\/\/punareo.com\/index.php?rest_route=%2Fwp%2Fv2%2Fcategories&post=283"},{"taxonomy":"post_tag","embeddable":true,"href":"https:\/\/punareo.com\/index.php?rest_route=%2Fwp%2Fv2%2Ftags&post=283"}],"curies":[{"name":"wp","href":"https:\/\/api.w.org\/{rel}","templated":true}]}}